{"id":2449,"date":"2024-02-13T09:54:37","date_gmt":"2024-02-13T14:54:37","guid":{"rendered":"https:\/\/mtdomr.mywhc.ca\/?p=2449"},"modified":"2024-03-01T10:45:47","modified_gmt":"2024-03-01T15:45:47","slug":"les-dirigeants-dequans-visitent-le-projet-en-mai-2023","status":"publish","type":"post","link":"https:\/\/nationalcapitaldistrictenergy.ca\/fr\/les-dirigeants-dequans-visitent-le-projet-en-mai-2023\/","title":{"rendered":"Les dirigeants d'EQUANS visitent le projet en mai 2023"},"content":{"rendered":"\n<p class=\"wp-block-paragraph\">En mai 2023, Innovate Energy a accueilli <a href=\"https:\/\/www.linkedin.com\/in\/ACoAAAuXglUBYaPbnwglGNW60pPGMpVqrANLI3w\">Remi Blackburn<\/a>, vice-pr\u00e9sident des services techniques, et <a href=\"https:\/\/www.linkedin.com\/in\/ACoAAAL47bIByQFI4pXaRPIHgJZuTO-PhDp30uQ\">Claudia Berger, ing, CEM, M.Env.<\/a>, directrice de la durabilit\u00e9, d\u2019<a href=\"https:\/\/www.linkedin.com\/company\/equans\/\">EQUANS<\/a>\u00a0Services. L\u2019\u00e9quipe a eu le privil\u00e8ge d\u2019explorer la centrale actuelle et de voir le centre \u00e9nerg\u00e9tique modernis\u00e9e, qui d\u00e9montrent l\u2019engagement du gouvernement \u00e0 l\u2019\u00e9gard des initiatives \u00e0 faibles \u00e9missions de carbone et des pratiques durables dans les immeubles de la r\u00e9gion d\u2019<a href=\"https:\/\/www.linkedin.com\/feed\/hashtag\/?keywords=ottawa&amp;highlightedUpdateUrns=urn%3Ali%3Aactivity%3A7077696648281219072\">#Ottawa<\/a>!\u00a0Chaque caract\u00e9ristique du centre \u00e9nerg\u00e9tique a \u00e9t\u00e9 judicieusement con\u00e7ue afin de r\u00e9duire l\u2019impact environnemental, notamment la conversion de la vapeur \u00e0 haute pression \u00e0 l\u2019eau chaude \u00e0 basse temp\u00e9rature, l\u2019utilisation de refroidisseurs \u00e9lectriques et l\u2019int\u00e9gration de technologies li\u00e9es aux b\u00e2timents intelligents.<br>\u00a0<br>La conception innovatrice, les technologies \u00e0 la fine pointe et les caract\u00e9ristiques \u00e9coresponsables du centre \u00e9nerg\u00e9tique les ont r\u00e9ellement inspir\u00e9s.\u00a0<br>\u00a0<br>Innovate Energy est fi\u00e8re de participer \u00e0 l\u2019engagement de <a href=\"https:\/\/www.linkedin.com\/company\/pspc-spac\/\">Public Services and Procurement Canada | Services publics et Approvisionnement Canada<\/a> visant \u00e0 g\u00e9rer ses propri\u00e9t\u00e9s d\u2019une mani\u00e8re respectueuse de l\u2019environnement qui est li\u00e9e au priorit\u00e9s du gouvernement du Canada. Cette r\u00e9alisation exceptionnelle met en lumi\u00e8re le d\u00e9vouement exemplaire du gouvernement et d\u2019Innovate Energy \u00e0 l\u2019\u00e9gard d\u2019un avenir plus vert!<\/p>\n","protected":false},"excerpt":{"rendered":"<p>En mai 2023, Innovate Energy a accueilli Remi Blackburn, vice-pr\u00e9sident des services techniques, et Claudia Berger, ing, CEM, M.Env., directrice de la durabilit\u00e9, d\u2019EQUANS\u00a0Services. L\u2019\u00e9quipe a eu le privil\u00e8ge d\u2019explorer...<\/p>\n","protected":false},"author":8,"featured_media":2355,"comment_status":"open","ping_status":"open","sticky":false,"template":"","format":"standard","meta":{"_acf_changed":false,"_crdt_document":"","footnotes":""},"categories":[116],"tags":[122,123,124,125],"class_list":["post-2449","post","type-post","status-publish","format-standard","has-post-thumbnail","hentry","category-mises-a-jour","tag-pase","tag-decarbonisation","tag-reseau-energetique-de-quartier","tag-innovate-energy-2"],"acf":[],"yoast_head":"<!-- This site is optimized with the Yoast SEO plugin v27.5 - https:\/\/yoast.com\/product\/yoast-seo-wordpress\/ -->\n<title>Les dirigeants d&#039;EQUANS visitent le projet en mai 2023 - Innovate Energy<\/title>\n<meta name=\"robots\" content=\"index, follow, max-snippet:-1, max-image-preview:large, max-video-preview:-1\" \/>\n<link rel=\"canonical\" href=\"https:\/\/nationalcapitaldistrictenergy.ca\/fr\/les-dirigeants-dequans-visitent-le-projet-en-mai-2023\/\" \/>\n<meta property=\"og:locale\" content=\"fr_FR\" \/>\n<meta property=\"og:type\" content=\"article\" \/>\n<meta property=\"og:title\" content=\"Les dirigeants d&#039;EQUANS visitent le projet en mai 2023 - Innovate Energy\" \/>\n<meta property=\"og:description\" content=\"En mai 2023, Innovate Energy a accueilli Remi Blackburn, vice-pr\u00e9sident des services techniques, et Claudia Berger, ing, CEM, M.Env., directrice de la durabilit\u00e9, d\u2019EQUANS\u00a0Services. L\u2019\u00e9quipe a eu le privil\u00e8ge d\u2019explorer...\" \/>\n<meta property=\"og:url\" content=\"https:\/\/nationalcapitaldistrictenergy.ca\/fr\/les-dirigeants-dequans-visitent-le-projet-en-mai-2023\/\" \/>\n<meta property=\"og:site_name\" content=\"Innovate Energy\" \/>\n<meta property=\"article:published_time\" content=\"2024-02-13T14:54:37+00:00\" \/>\n<meta property=\"article:modified_time\" content=\"2024-03-01T15:45:47+00:00\" \/>\n<meta property=\"og:image\" content=\"https:\/\/nationalcapitaldistrictenergy.ca\/wp-content\/uploads\/2023\/12\/Cliff-Aerial-View-2023-05-24-scaled.jpg\" \/>\n\t<meta property=\"og:image:width\" content=\"2560\" \/>\n\t<meta property=\"og:image:height\" content=\"1918\" \/>\n\t<meta property=\"og:image:type\" content=\"image\/jpeg\" \/>\n<meta name=\"author\" content=\"gregjodoin\" \/>\n<meta name=\"twitter:card\" content=\"summary_large_image\" \/>\n<meta name=\"twitter:creator\" content=\"@DES_REQ\" \/>\n<meta name=\"twitter:site\" content=\"@DES_REQ\" \/>\n<meta name=\"twitter:label1\" content=\"\u00c9crit par\" \/>\n\t<meta name=\"twitter:data1\" content=\"gregjodoin\" \/>\n\t<meta name=\"twitter:label2\" content=\"Dur\u00e9e de lecture estim\u00e9e\" \/>\n\t<meta name=\"twitter:data2\" content=\"2 minutes\" \/>\n<script type=\"application\/ld+json\" class=\"yoast-schema-graph\">{\"@context\":\"https:\\\/\\\/schema.org\",\"@graph\":[{\"@type\":\"Article\",\"@id\":\"https:\\\/\\\/nationalcapitaldistrictenergy.ca\\\/fr\\\/les-dirigeants-dequans-visitent-le-projet-en-mai-2023\\\/#article\",\"isPartOf\":{\"@id\":\"https:\\\/\\\/nationalcapitaldistrictenergy.ca\\\/fr\\\/les-dirigeants-dequans-visitent-le-projet-en-mai-2023\\\/\"},\"author\":{\"name\":\"gregjodoin\",\"@id\":\"https:\\\/\\\/nationalcapitaldistrictenergy.ca\\\/fr\\\/#\\\/schema\\\/person\\\/c4be88e7f16992f06bd9454b6c438f35\"},\"headline\":\"Les dirigeants d'EQUANS visitent le projet en mai 2023\",\"datePublished\":\"2024-02-13T14:54:37+00:00\",\"dateModified\":\"2024-03-01T15:45:47+00:00\",\"mainEntityOfPage\":{\"@id\":\"https:\\\/\\\/nationalcapitaldistrictenergy.ca\\\/fr\\\/les-dirigeants-dequans-visitent-le-projet-en-mai-2023\\\/\"},\"wordCount\":229,\"commentCount\":0,\"publisher\":{\"@id\":\"https:\\\/\\\/nationalcapitaldistrictenergy.ca\\\/fr\\\/#organization\"},\"image\":{\"@id\":\"https:\\\/\\\/nationalcapitaldistrictenergy.ca\\\/fr\\\/les-dirigeants-dequans-visitent-le-projet-en-mai-2023\\\/#primaryimage\"},\"thumbnailUrl\":\"https:\\\/\\\/nationalcapitaldistrictenergy.ca\\\/wp-content\\\/uploads\\\/2023\\\/12\\\/Cliff-Aerial-View-2023-05-24-scaled.jpg\",\"keywords\":[\"PASE\",\"D\u00e9carbonisation\",\"R\u00e9seau \u00e9nerg\u00e9tique de quartier\",\"Innovate Energy\"],\"articleSection\":[\"Mises \u00e0 jour\"],\"inLanguage\":\"fr-FR\",\"potentialAction\":[{\"@type\":\"CommentAction\",\"name\":\"Comment\",\"target\":[\"https:\\\/\\\/nationalcapitaldistrictenergy.ca\\\/fr\\\/les-dirigeants-dequans-visitent-le-projet-en-mai-2023\\\/#respond\"]}]},{\"@type\":\"WebPage\",\"@id\":\"https:\\\/\\\/nationalcapitaldistrictenergy.ca\\\/fr\\\/les-dirigeants-dequans-visitent-le-projet-en-mai-2023\\\/\",\"url\":\"https:\\\/\\\/nationalcapitaldistrictenergy.ca\\\/fr\\\/les-dirigeants-dequans-visitent-le-projet-en-mai-2023\\\/\",\"name\":\"Les dirigeants d'EQUANS visitent le projet en mai 2023 - Innovate Energy\",\"isPartOf\":{\"@id\":\"https:\\\/\\\/nationalcapitaldistrictenergy.ca\\\/fr\\\/#website\"},\"primaryImageOfPage\":{\"@id\":\"https:\\\/\\\/nationalcapitaldistrictenergy.ca\\\/fr\\\/les-dirigeants-dequans-visitent-le-projet-en-mai-2023\\\/#primaryimage\"},\"image\":{\"@id\":\"https:\\\/\\\/nationalcapitaldistrictenergy.ca\\\/fr\\\/les-dirigeants-dequans-visitent-le-projet-en-mai-2023\\\/#primaryimage\"},\"thumbnailUrl\":\"https:\\\/\\\/nationalcapitaldistrictenergy.ca\\\/wp-content\\\/uploads\\\/2023\\\/12\\\/Cliff-Aerial-View-2023-05-24-scaled.jpg\",\"datePublished\":\"2024-02-13T14:54:37+00:00\",\"dateModified\":\"2024-03-01T15:45:47+00:00\",\"breadcrumb\":{\"@id\":\"https:\\\/\\\/nationalcapitaldistrictenergy.ca\\\/fr\\\/les-dirigeants-dequans-visitent-le-projet-en-mai-2023\\\/#breadcrumb\"},\"inLanguage\":\"fr-FR\",\"potentialAction\":[{\"@type\":\"ReadAction\",\"target\":[\"https:\\\/\\\/nationalcapitaldistrictenergy.ca\\\/fr\\\/les-dirigeants-dequans-visitent-le-projet-en-mai-2023\\\/\"]}]},{\"@type\":\"ImageObject\",\"inLanguage\":\"fr-FR\",\"@id\":\"https:\\\/\\\/nationalcapitaldistrictenergy.ca\\\/fr\\\/les-dirigeants-dequans-visitent-le-projet-en-mai-2023\\\/#primaryimage\",\"url\":\"https:\\\/\\\/nationalcapitaldistrictenergy.ca\\\/wp-content\\\/uploads\\\/2023\\\/12\\\/Cliff-Aerial-View-2023-05-24-scaled.jpg\",\"contentUrl\":\"https:\\\/\\\/nationalcapitaldistrictenergy.ca\\\/wp-content\\\/uploads\\\/2023\\\/12\\\/Cliff-Aerial-View-2023-05-24-scaled.jpg\",\"width\":2560,\"height\":1918,\"caption\":\"Centre \u00e9nerg\u00e9tique Cliff - 2023\"},{\"@type\":\"BreadcrumbList\",\"@id\":\"https:\\\/\\\/nationalcapitaldistrictenergy.ca\\\/fr\\\/les-dirigeants-dequans-visitent-le-projet-en-mai-2023\\\/#breadcrumb\",\"itemListElement\":[{\"@type\":\"ListItem\",\"position\":1,\"name\":\"Accueil\",\"item\":\"https:\\\/\\\/nationalcapitaldistrictenergy.ca\\\/fr\\\/\"},{\"@type\":\"ListItem\",\"position\":2,\"name\":\"Mises \u00e0 jour\",\"item\":\"https:\\\/\\\/nationalcapitaldistrictenergy.ca\\\/fr\\\/mises-a-jour\\\/\"},{\"@type\":\"ListItem\",\"position\":3,\"name\":\"Les dirigeants d'EQUANS visitent le projet en mai 2023\"}]},{\"@type\":\"WebSite\",\"@id\":\"https:\\\/\\\/nationalcapitaldistrictenergy.ca\\\/fr\\\/#website\",\"url\":\"https:\\\/\\\/nationalcapitaldistrictenergy.ca\\\/fr\\\/\",\"name\":\"Innovate Energy\",\"description\":\"\",\"publisher\":{\"@id\":\"https:\\\/\\\/nationalcapitaldistrictenergy.ca\\\/fr\\\/#organization\"},\"potentialAction\":[{\"@type\":\"SearchAction\",\"target\":{\"@type\":\"EntryPoint\",\"urlTemplate\":\"https:\\\/\\\/nationalcapitaldistrictenergy.ca\\\/fr\\\/?s={search_term_string}\"},\"query-input\":{\"@type\":\"PropertyValueSpecification\",\"valueRequired\":true,\"valueName\":\"search_term_string\"}}],\"inLanguage\":\"fr-FR\"},{\"@type\":\"Organization\",\"@id\":\"https:\\\/\\\/nationalcapitaldistrictenergy.ca\\\/fr\\\/#organization\",\"name\":\"Innovate Energy\",\"url\":\"https:\\\/\\\/nationalcapitaldistrictenergy.ca\\\/fr\\\/\",\"logo\":{\"@type\":\"ImageObject\",\"inLanguage\":\"fr-FR\",\"@id\":\"https:\\\/\\\/nationalcapitaldistrictenergy.ca\\\/fr\\\/#\\\/schema\\\/logo\\\/image\\\/\",\"url\":\"https:\\\/\\\/mtdomr.mywhc.ca\\\/wp-content\\\/uploads\\\/2019\\\/07\\\/logotype-innovate-energy.png\",\"contentUrl\":\"https:\\\/\\\/mtdomr.mywhc.ca\\\/wp-content\\\/uploads\\\/2019\\\/07\\\/logotype-innovate-energy.png\",\"width\":504,\"height\":150,\"caption\":\"Innovate Energy\"},\"image\":{\"@id\":\"https:\\\/\\\/nationalcapitaldistrictenergy.ca\\\/fr\\\/#\\\/schema\\\/logo\\\/image\\\/\"},\"sameAs\":[\"https:\\\/\\\/x.com\\\/DES_REQ\",\"https:\\\/\\\/www.linkedin.com\\\/in\\\/ncrdes-rcnreq\\\/\"]},{\"@type\":\"Person\",\"@id\":\"https:\\\/\\\/nationalcapitaldistrictenergy.ca\\\/fr\\\/#\\\/schema\\\/person\\\/c4be88e7f16992f06bd9454b6c438f35\",\"name\":\"gregjodoin\",\"image\":{\"@type\":\"ImageObject\",\"inLanguage\":\"fr-FR\",\"@id\":\"https:\\\/\\\/secure.gravatar.com\\\/avatar\\\/74c97b5c8319d25c66a53d1f4188e3d89b01ed5cd835fa62d842f612cd31f4a5?s=96&d=mm&r=g\",\"url\":\"https:\\\/\\\/secure.gravatar.com\\\/avatar\\\/74c97b5c8319d25c66a53d1f4188e3d89b01ed5cd835fa62d842f612cd31f4a5?s=96&d=mm&r=g\",\"contentUrl\":\"https:\\\/\\\/secure.gravatar.com\\\/avatar\\\/74c97b5c8319d25c66a53d1f4188e3d89b01ed5cd835fa62d842f612cd31f4a5?s=96&d=mm&r=g\",\"caption\":\"gregjodoin\"},\"url\":\"https:\\\/\\\/nationalcapitaldistrictenergy.ca\\\/fr\\\/author\\\/gregjodoin\\\/\"}]}<\/script>\n<!-- \/ Yoast SEO plugin. -->","yoast_head_json":{"title":"Les dirigeants d'EQUANS visitent le projet en mai 2023 - Innovate Energy","robots":{"index":"index","follow":"follow","max-snippet":"max-snippet:-1","max-image-preview":"max-image-preview:large","max-video-preview":"max-video-preview:-1"},"canonical":"https:\/\/nationalcapitaldistrictenergy.ca\/fr\/les-dirigeants-dequans-visitent-le-projet-en-mai-2023\/","og_locale":"fr_FR","og_type":"article","og_title":"Les dirigeants d'EQUANS visitent le projet en mai 2023 - Innovate Energy","og_description":"En mai 2023, Innovate Energy a accueilli Remi Blackburn, vice-pr\u00e9sident des services techniques, et Claudia Berger, ing, CEM, M.Env., directrice de la durabilit\u00e9, d\u2019EQUANS\u00a0Services. L\u2019\u00e9quipe a eu le privil\u00e8ge d\u2019explorer...","og_url":"https:\/\/nationalcapitaldistrictenergy.ca\/fr\/les-dirigeants-dequans-visitent-le-projet-en-mai-2023\/","og_site_name":"Innovate Energy","article_published_time":"2024-02-13T14:54:37+00:00","article_modified_time":"2024-03-01T15:45:47+00:00","og_image":[{"width":2560,"height":1918,"url":"https:\/\/nationalcapitaldistrictenergy.ca\/wp-content\/uploads\/2023\/12\/Cliff-Aerial-View-2023-05-24-scaled.jpg","type":"image\/jpeg"}],"author":"gregjodoin","twitter_card":"summary_large_image","twitter_creator":"@DES_REQ","twitter_site":"@DES_REQ","twitter_misc":{"\u00c9crit par":"gregjodoin","Dur\u00e9e de lecture estim\u00e9e":"2 minutes"},"schema":{"@context":"https:\/\/schema.org","@graph":[{"@type":"Article","@id":"https:\/\/nationalcapitaldistrictenergy.ca\/fr\/les-dirigeants-dequans-visitent-le-projet-en-mai-2023\/#article","isPartOf":{"@id":"https:\/\/nationalcapitaldistrictenergy.ca\/fr\/les-dirigeants-dequans-visitent-le-projet-en-mai-2023\/"},"author":{"name":"gregjodoin","@id":"https:\/\/nationalcapitaldistrictenergy.ca\/fr\/#\/schema\/person\/c4be88e7f16992f06bd9454b6c438f35"},"headline":"Les dirigeants d'EQUANS visitent le projet en mai 2023","datePublished":"2024-02-13T14:54:37+00:00","dateModified":"2024-03-01T15:45:47+00:00","mainEntityOfPage":{"@id":"https:\/\/nationalcapitaldistrictenergy.ca\/fr\/les-dirigeants-dequans-visitent-le-projet-en-mai-2023\/"},"wordCount":229,"commentCount":0,"publisher":{"@id":"https:\/\/nationalcapitaldistrictenergy.ca\/fr\/#organization"},"image":{"@id":"https:\/\/nationalcapitaldistrictenergy.ca\/fr\/les-dirigeants-dequans-visitent-le-projet-en-mai-2023\/#primaryimage"},"thumbnailUrl":"https:\/\/nationalcapitaldistrictenergy.ca\/wp-content\/uploads\/2023\/12\/Cliff-Aerial-View-2023-05-24-scaled.jpg","keywords":["PASE","D\u00e9carbonisation","R\u00e9seau \u00e9nerg\u00e9tique de quartier","Innovate Energy"],"articleSection":["Mises \u00e0 jour"],"inLanguage":"fr-FR","potentialAction":[{"@type":"CommentAction","name":"Comment","target":["https:\/\/nationalcapitaldistrictenergy.ca\/fr\/les-dirigeants-dequans-visitent-le-projet-en-mai-2023\/#respond"]}]},{"@type":"WebPage","@id":"https:\/\/nationalcapitaldistrictenergy.ca\/fr\/les-dirigeants-dequans-visitent-le-projet-en-mai-2023\/","url":"https:\/\/nationalcapitaldistrictenergy.ca\/fr\/les-dirigeants-dequans-visitent-le-projet-en-mai-2023\/","name":"Les dirigeants d'EQUANS visitent le projet en mai 2023 - Innovate Energy","isPartOf":{"@id":"https:\/\/nationalcapitaldistrictenergy.ca\/fr\/#website"},"primaryImageOfPage":{"@id":"https:\/\/nationalcapitaldistrictenergy.ca\/fr\/les-dirigeants-dequans-visitent-le-projet-en-mai-2023\/#primaryimage"},"image":{"@id":"https:\/\/nationalcapitaldistrictenergy.ca\/fr\/les-dirigeants-dequans-visitent-le-projet-en-mai-2023\/#primaryimage"},"thumbnailUrl":"https:\/\/nationalcapitaldistrictenergy.ca\/wp-content\/uploads\/2023\/12\/Cliff-Aerial-View-2023-05-24-scaled.jpg","datePublished":"2024-02-13T14:54:37+00:00","dateModified":"2024-03-01T15:45:47+00:00","breadcrumb":{"@id":"https:\/\/nationalcapitaldistrictenergy.ca\/fr\/les-dirigeants-dequans-visitent-le-projet-en-mai-2023\/#breadcrumb"},"inLanguage":"fr-FR","potentialAction":[{"@type":"ReadAction","target":["https:\/\/nationalcapitaldistrictenergy.ca\/fr\/les-dirigeants-dequans-visitent-le-projet-en-mai-2023\/"]}]},{"@type":"ImageObject","inLanguage":"fr-FR","@id":"https:\/\/nationalcapitaldistrictenergy.ca\/fr\/les-dirigeants-dequans-visitent-le-projet-en-mai-2023\/#primaryimage","url":"https:\/\/nationalcapitaldistrictenergy.ca\/wp-content\/uploads\/2023\/12\/Cliff-Aerial-View-2023-05-24-scaled.jpg","contentUrl":"https:\/\/nationalcapitaldistrictenergy.ca\/wp-content\/uploads\/2023\/12\/Cliff-Aerial-View-2023-05-24-scaled.jpg","width":2560,"height":1918,"caption":"Centre \u00e9nerg\u00e9tique Cliff - 2023"},{"@type":"BreadcrumbList","@id":"https:\/\/nationalcapitaldistrictenergy.ca\/fr\/les-dirigeants-dequans-visitent-le-projet-en-mai-2023\/#breadcrumb","itemListElement":[{"@type":"ListItem","position":1,"name":"Accueil","item":"https:\/\/nationalcapitaldistrictenergy.ca\/fr\/"},{"@type":"ListItem","position":2,"name":"Mises \u00e0 jour","item":"https:\/\/nationalcapitaldistrictenergy.ca\/fr\/mises-a-jour\/"},{"@type":"ListItem","position":3,"name":"Les dirigeants d'EQUANS visitent le projet en mai 2023"}]},{"@type":"WebSite","@id":"https:\/\/nationalcapitaldistrictenergy.ca\/fr\/#website","url":"https:\/\/nationalcapitaldistrictenergy.ca\/fr\/","name":"Innovate Energy","description":"","publisher":{"@id":"https:\/\/nationalcapitaldistrictenergy.ca\/fr\/#organization"},"potentialAction":[{"@type":"SearchAction","target":{"@type":"EntryPoint","urlTemplate":"https:\/\/nationalcapitaldistrictenergy.ca\/fr\/?s={search_term_string}"},"query-input":{"@type":"PropertyValueSpecification","valueRequired":true,"valueName":"search_term_string"}}],"inLanguage":"fr-FR"},{"@type":"Organization","@id":"https:\/\/nationalcapitaldistrictenergy.ca\/fr\/#organization","name":"Innovate Energy","url":"https:\/\/nationalcapitaldistrictenergy.ca\/fr\/","logo":{"@type":"ImageObject","inLanguage":"fr-FR","@id":"https:\/\/nationalcapitaldistrictenergy.ca\/fr\/#\/schema\/logo\/image\/","url":"https:\/\/mtdomr.mywhc.ca\/wp-content\/uploads\/2019\/07\/logotype-innovate-energy.png","contentUrl":"https:\/\/mtdomr.mywhc.ca\/wp-content\/uploads\/2019\/07\/logotype-innovate-energy.png","width":504,"height":150,"caption":"Innovate Energy"},"image":{"@id":"https:\/\/nationalcapitaldistrictenergy.ca\/fr\/#\/schema\/logo\/image\/"},"sameAs":["https:\/\/x.com\/DES_REQ","https:\/\/www.linkedin.com\/in\/ncrdes-rcnreq\/"]},{"@type":"Person","@id":"https:\/\/nationalcapitaldistrictenergy.ca\/fr\/#\/schema\/person\/c4be88e7f16992f06bd9454b6c438f35","name":"gregjodoin","image":{"@type":"ImageObject","inLanguage":"fr-FR","@id":"https:\/\/secure.gravatar.com\/avatar\/74c97b5c8319d25c66a53d1f4188e3d89b01ed5cd835fa62d842f612cd31f4a5?s=96&d=mm&r=g","url":"https:\/\/secure.gravatar.com\/avatar\/74c97b5c8319d25c66a53d1f4188e3d89b01ed5cd835fa62d842f612cd31f4a5?s=96&d=mm&r=g","contentUrl":"https:\/\/secure.gravatar.com\/avatar\/74c97b5c8319d25c66a53d1f4188e3d89b01ed5cd835fa62d842f612cd31f4a5?s=96&d=mm&r=g","caption":"gregjodoin"},"url":"https:\/\/nationalcapitaldistrictenergy.ca\/fr\/author\/gregjodoin\/"}]}},"_links":{"self":[{"href":"https:\/\/nationalcapitaldistrictenergy.ca\/fr\/wp-json\/wp\/v2\/posts\/2449","targetHints":{"allow":["GET"]}}],"collection":[{"href":"https:\/\/nationalcapitaldistrictenergy.ca\/fr\/wp-json\/wp\/v2\/posts"}],"about":[{"href":"https:\/\/nationalcapitaldistrictenergy.ca\/fr\/wp-json\/wp\/v2\/types\/post"}],"author":[{"embeddable":true,"href":"https:\/\/nationalcapitaldistrictenergy.ca\/fr\/wp-json\/wp\/v2\/users\/8"}],"replies":[{"embeddable":true,"href":"https:\/\/nationalcapitaldistrictenergy.ca\/fr\/wp-json\/wp\/v2\/comments?post=2449"}],"version-history":[{"count":1,"href":"https:\/\/nationalcapitaldistrictenergy.ca\/fr\/wp-json\/wp\/v2\/posts\/2449\/revisions"}],"predecessor-version":[{"id":2450,"href":"https:\/\/nationalcapitaldistrictenergy.ca\/fr\/wp-json\/wp\/v2\/posts\/2449\/revisions\/2450"}],"wp:featuredmedia":[{"embeddable":true,"href":"https:\/\/nationalcapitaldistrictenergy.ca\/fr\/wp-json\/wp\/v2\/media\/2355"}],"wp:attachment":[{"href":"https:\/\/nationalcapitaldistrictenergy.ca\/fr\/wp-json\/wp\/v2\/media?parent=2449"}],"wp:term":[{"taxonomy":"category","embeddable":true,"href":"https:\/\/nationalcapitaldistrictenergy.ca\/fr\/wp-json\/wp\/v2\/categories?post=2449"},{"taxonomy":"post_tag","embeddable":true,"href":"https:\/\/nationalcapitaldistrictenergy.ca\/fr\/wp-json\/wp\/v2\/tags?post=2449"}],"curies":[{"name":"wp","href":"https:\/\/api.w.org\/{rel}","templated":true}]}}